{"id":397,"date":"2017-01-22T16:18:29","date_gmt":"2017-01-22T16:18:29","guid":{"rendered":"http:\/\/www.evolterra.com\/?p=397"},"modified":"2023-05-26T18:12:21","modified_gmt":"2023-05-26T17:12:21","slug":"el-sueno-de-una-ciudad-ideal","status":"publish","type":"post","link":"https:\/\/evolterra.com\/?p=397","title":{"rendered":"EL SUE\u00d1O DE UNA CIUDAD IDEAL"},"content":{"rendered":"<p><strong>Antigua Guatemala, 1543<\/strong><\/p>\n<p>&nbsp;<\/p>\n<p><span style=\"font-size: 8pt\"><i><span style=\"font-weight: 400\">Si me pierdo, buscadme en Guatemala\/<\/span><\/i><em>junto al Volc\u00e1n de Fuego y el de Agua\u00a0<\/em><\/span><\/p>\n<p><span style=\"font-size: 8pt\"><span style=\"font-weight: 400\">(Ernesto la Orden<\/span><i><span style=\"font-weight: 400\">, Viajes de arte por Am\u00e9rica Central)<\/span><\/i><\/span><\/p>\n<p><span style=\"font-size: 8pt\"><i><span style=\"font-weight: 400\">\u00a0<\/span><\/i><\/span><\/p>\n<p><span style=\"font-weight: 400\">Aldous Huxley public\u00f3 en 1934 un libro de viajes en el que cuenta su visita, entre otras ciudades de Centroam\u00e9rica, a la Antigua Guatemala. De ella dice que su rom\u00e1ntica belleza es \u201cpintoresca hasta rozar los l\u00edmites de lo permisible\u201d.\u00a0<\/span><i><span style=\"font-weight: 400\">V<\/span><\/i><span style=\"font-weight: 400\">isitamos la Antigua m\u00e1s de una vez y puedo confirmar cualquier ditirambo. El volc\u00e1n de Agua preside una red de calles rectil\u00edneas que forman un damero perfecto en torno a la hermosa plaza mayor porticada, donde se alza la catedral y los palacios del poder. Las ruinas de viejos conventos, invadidas por la selva tropical, siembran las calles de solitarios troncos barrocos. La ciudad fu\u00e9 fundada en 1543, cerca de un asentamiento inicial que tuvo que ser abandonado por alguna cat\u00e1strofe natural. Floreci\u00f3 como capital de una amplia zona que abarcaba desde el actual estado mexicano de Chiapas hasta Costa Rica, con su obispo, gobernador, audiencia y gran riqueza colonial. En 1773 la naturaleza volvi\u00f3 a golpearla con repetidos terremotos. Oblig\u00f3 a abandonar la que se llamaba hasta entonces Santiago de los Caballeros y fundar una nueva capital, la Nueva Guatemala. S\u00f3lo en tiempos recientes recobr\u00f3 la que desde entonces se llam\u00f3 \u201cla Antigua\u201d su esplendor natural como espect\u00e1culo incomparable y mestizo. Las flores rebosan desde los tejados, la marimba mezcla sonidos ind\u00edgenas, africanos y espa\u00f1oles que resuenan en los patios y se propagan por las calles rectas. Por ellas vimos transcurrir de madrugada una procesi\u00f3n en la semana santa, con el volc\u00e1n brumoso presidiendo a lo lejos, la calle alfombrada de colores y un acompa\u00f1amiento de fieles locales completamente disfrazados de romanos. \u00bfPuede concebirse ejemplar m\u00e1s acabado de una ciudad ideal?<\/span><\/p>\n<figure id=\"attachment_408\" aria-describedby=\"caption-attachment-408\" style=\"width: 840px\" class=\"wp-caption alignnone\"><img decoding=\"async\" loading=\"lazy\" class=\"size-large wp-image-408\" src=\"http:\/\/perezschroder.com\/evolterrablog\/wp-content\/uploads\/sites\/16\/2017\/01\/img_0680-1024x568.jpg\" alt=\"\" width=\"840\" height=\"466\" srcset=\"https:\/\/evolterra.com\/wp-content\/uploads\/sites\/16\/2017\/01\/img_0680-1024x568.jpg 1024w, https:\/\/evolterra.com\/wp-content\/uploads\/sites\/16\/2017\/01\/img_0680-300x166.jpg 300w, https:\/\/evolterra.com\/wp-content\/uploads\/sites\/16\/2017\/01\/img_0680-768x426.jpg 768w, https:\/\/evolterra.com\/wp-content\/uploads\/sites\/16\/2017\/01\/img_0680-1200x666.jpg 1200w\" sizes=\"(max-width: 709px) 85vw, (max-width: 909px) 67vw, (max-width: 1362px) 62vw, 840px\" \/><figcaption id=\"caption-attachment-408\" class=\"wp-caption-text\">Antigua Guatemala (fte: viaxadoiro.com)<\/figcaption><\/figure>\n<p><span style=\"font-weight: 400\">Cuando Plat\u00f3n y Arist\u00f3teles trataron este tema de \u201cla ciudad ideal\u201d se estaban refiriendo a la comunidad pol\u00edtica que era el medio en que ellos viv\u00edan, la <\/span><i><span style=\"font-weight: 400\">polis <\/span><\/i><span style=\"font-weight: 400\">griega.<\/span><i><span style=\"font-weight: 400\"> La Rep\u00fablica<\/span><\/i><span style=\"font-weight: 400\"> y <\/span><i><span style=\"font-weight: 400\">Las Leyes<\/span><\/i><span style=\"font-weight: 400\">, los di\u00e1logos plat\u00f3nicos espec\u00edficamente dedicados a este tema, son sobre todo tratados sobre la justicia y el gobierno. Pero en<\/span><i><span style=\"font-weight: 400\"> Las Leyes<\/span><\/i><span style=\"font-weight: 400\">, el \u00faltimo y \u00fanico en que no aparece S\u00f3crates como animador de la pol\u00e9mica, encontramos como de paso unos interesantes p\u00e1rrafos sobre la ciudad en el otro sentido, el de la sede f\u00edsica de la convivencia pol\u00edtica. Tres viajeros de avanzada edad, un ateniense, un espartano y un cretense se entretienen en una curiosa discusi\u00f3n. El cretense tiene el encargo de fundar una nueva colonia en su propia isla de Creta y pide consejo a sus acompa\u00f1antes, conocedores de las leyes de Atenas y Esparta, sobre c\u00f3mo legislar sobre su organizaci\u00f3n. Los interlocutores no rehuyen los detalles, al contrario. Deciden que la nueva ciudad deber\u00e1 tener un nombre y la bautizan como <\/span><i><span style=\"font-weight: 400\">Magnesia<\/span><\/i><span style=\"font-weight: 400\">; debe ser fundada en una llanura, debe estar a cierta distancia de la costa y convenientemente rodeada de monta\u00f1as que aporten desde sus arroyos agua suficiente para la poblaci\u00f3n. Fundada en tiempo de paz, estar\u00e1 abierta al espacio circundante y no amurallada. Ser\u00e1 trazada seg\u00fan una planta radial dividida en doce segmentos que parten de un espacio central comunitario, cada uno de ellos consagrado a un dios, con su correspondiente templo. En fin, no deber\u00e1 albergar a m\u00e1s de 5040 ciudadanos, n\u00famero m\u00e1gico que admite 59 divisores, a los que se repartir\u00e1 equitativamente la propiedad de los solares y las tierras cercanas. Para mantener estable el tama\u00f1o de la ciudad, los primeros titulares no podr\u00e1n distribuir su parte a varios herederos.<\/span><\/p>\n<figure id=\"attachment_399\" aria-describedby=\"caption-attachment-399\" style=\"width: 605px\" class=\"wp-caption alignnone\"><img decoding=\"async\" loading=\"lazy\" class=\"size-full wp-image-399\" src=\"http:\/\/perezschroder.com\/evolterrablog\/wp-content\/uploads\/sites\/16\/2017\/01\/605px-Idealstadt.jpg\" alt=\"\" width=\"605\" height=\"600\" srcset=\"https:\/\/evolterra.com\/wp-content\/uploads\/sites\/16\/2017\/01\/605px-Idealstadt.jpg 605w, https:\/\/evolterra.com\/wp-content\/uploads\/sites\/16\/2017\/01\/605px-Idealstadt-150x150.jpg 150w, https:\/\/evolterra.com\/wp-content\/uploads\/sites\/16\/2017\/01\/605px-Idealstadt-300x298.jpg 300w\" sizes=\"(max-width: 709px) 85vw, (max-width: 909px) 67vw, (max-width: 984px) 61vw, (max-width: 1362px) 45vw, 600px\" \/><figcaption id=\"caption-attachment-399\" class=\"wp-caption-text\">Filarete: plano de Sforzinda, 1457<\/figcaption><\/figure>\n<p><span style=\"font-weight: 400\">Qui\u00e9n iba a decirles a estos tres sabios de la antig\u00fcedad que sus ideas iban a ser reproducidas casi al pi\u00e9 de la letra en m\u00faltiples ciudades de Europa y de Hispanoam\u00e9rica. En el Renacimiento, el neoplatonismo se encarg\u00f3 de recuperarlas y darles nuevas formas. En las grandes ciudades del norte de Italia, las clases altas, recientemente enriquecidas tras los siglos oscuros de la Edad Media, presentaban exigencias de ostentaci\u00f3n y lujo. Promovieron estudios sobre la mejor manera de trazar nuevas ciudades y realizaron algunos ensayos en la pr\u00e1ctica. Bas\u00e1ndose en descubrimiento de los tratados cl\u00e1sicos, entre ellos el del arquitecto romano Vitrubio, Leon Battista Alberti, un \u00a0humanista polifac\u00e9tico, aut\u00e9ntico \u201chombre del Renacimiento\u201d, dise\u00f1\u00f3 en su libro<\/span><i><span style=\"font-weight: 400\"> De arte edificatoria<\/span><\/i><span style=\"font-weight: 400\"> (1452) una ciudad \u201cideal\u201d. Ten\u00eda planta circular e inclu\u00eda la especificaci\u00f3n minuciosa de espacios medidos seg\u00fan c\u00e1lculos y n\u00fameros simb\u00f3licos, con distribuci\u00f3n de los solares y tierras de acuerdo con el rango de las clases sociales: grandes espacios centrales reservados a la vida en com\u00fan, a la iglesia y a los palacios de autoridades y los nobles; barrios perif\u00e9ricos para las profesiones \u201cmalolientes\u201d como carniceros, pescaderos y curtidores. El florentino Antonio Pietro Averlino, llamado Filarete, proyect\u00f3 para el duque Sforza de Mil\u00e1n la ciudad que llam\u00f3 <\/span><i><span style=\"font-weight: 400\">Sforzinda<\/span><\/i><span style=\"font-weight: 400\">, tambi\u00e9n de planta circular, con un foso que rodeaba una estrella de ocho puntas de muros fortificados. Leonardo da Vinci se ocup\u00f3, entre otras muchas cosas, de la ingenier\u00eda necesaria para el suministro del agua. Casi siempre, estos proyectos se realizaban en \u201censanches\u201d o ampliaciones, cercanos a ciudades antiguas que se hab\u00edan quedado estrechas y no satisfac\u00edan la ambici\u00f3n de<\/span><i><span style=\"font-weight: 400\"> grandeur <\/span><\/i><span style=\"font-weight: 400\">de los nuevos ricos<\/span><i><span style=\"font-weight: 400\">, <\/span><\/i><span style=\"font-weight: 400\">que quer\u00edan ampliar las perspectivas. As\u00ed se hizo a finales del siglo XV en Ferrara, en Palermo y en Livorno, en este caso con la planta en forma de tablero de ajedrez que se iba a generalizar en la Am\u00e9rica reci\u00e9n descubierta.<\/span><\/p>\n<figure id=\"attachment_400\" aria-describedby=\"caption-attachment-400\" style=\"width: 671px\" class=\"wp-caption alignnone\"><img decoding=\"async\" loading=\"lazy\" class=\"size-full wp-image-400\" src=\"http:\/\/perezschroder.com\/evolterrablog\/wp-content\/uploads\/sites\/16\/2017\/01\/Mapa_de_Briviesca_1868_por_Francisco_Coello.jpg\" alt=\"\" width=\"671\" height=\"647\" srcset=\"https:\/\/evolterra.com\/wp-content\/uploads\/sites\/16\/2017\/01\/Mapa_de_Briviesca_1868_por_Francisco_Coello.jpg 671w, https:\/\/evolterra.com\/wp-content\/uploads\/sites\/16\/2017\/01\/Mapa_de_Briviesca_1868_por_Francisco_Coello-300x289.jpg 300w\" sizes=\"(max-width: 709px) 85vw, (max-width: 909px) 67vw, (max-width: 984px) 61vw, (max-width: 1362px) 45vw, 600px\" \/><figcaption id=\"caption-attachment-400\" class=\"wp-caption-text\">Francisco Coello: mapa de Briviesca, 1868<\/figcaption><\/figure>\n<p><span style=\"font-weight: 400\">En Espa\u00f1a, en cambio, no hab\u00eda falta de espacio sino m\u00e1s bien amplios territorios que se iban ganando en las guerras de la Reconquista. Hab\u00eda que repoblarlos y reforzarlos con nuevas ciudades desde las que continuar el progreso hacia el sur. Briviesca, una fortaleza en el camino de Santiago que hab\u00eda sido fundada en el 1123, fue \u201censanchada\u201d con una nueva ciudad que adopt\u00f3 la planta rectangular cuando la adquiri\u00f3 la infanta Blanca de Portugal dos siglos m\u00e1s tarde. Y algo parecido hicieron los Reyes Cat\u00f3licos cuando en 1491 convirtieron el campamento provisional de Santa Fe en ciudad rectangular y amurallada desde la que iban a lanzar el asalto final para la conquista de Granada. En el c\u00f3digo de<\/span><i><span style=\"font-weight: 400\"> Las Siete Partidas<\/span><\/i><span style=\"font-weight: 400\"> el rey Alfonso X incluy\u00f3 ya algunas normas sobre urbanismo y el franciscano Francesc Eximenis se adelant\u00f3 a los escritores del Renacimiento cuando en 1380 dise\u00f1\u00f3 una ciudad ideal cuadrada, desarrollada en torno a una plaza mayor y dividida en cuatro cuadrantes, cada uno con su plaza central. Los florentinos y genoveses que tanta influencia ten\u00edan en las cortes de Castilla y Arag\u00f3n trajeron de Italia las nuevas ideas sobre arquitectura y urbanismo que iban a ser pronto necesarias para organizar la exploraci\u00f3n y ocupaci\u00f3n de los enormes espacios de Am\u00e9rica. Pero antes se present\u00f3 la oportunidad de ensayar las nuevas soluciones urbanas una vez completada la conquista de las islas Canarias. El gobernador o \u201cadelantado\u201d Alonso Fern\u00e1ndez de Lugo, que hab\u00eda participado en la conquista de Granada y despu\u00e9s en la ocupaci\u00f3n de las islas de Gran Canaria y La Palma, recibi\u00f3 de los Reyes Cat\u00f3licos el encargo de fundar en Tenerife una ciudad realenga que deb\u00eda servir de capital para la gobernaci\u00f3n del archipi\u00e9lago. La elecci\u00f3n de San Crist\u00f3bal de La Laguna parece directamente inspirada en <\/span><i><span style=\"font-weight: 400\">Las Leyes <\/span><\/i><span style=\"font-weight: 400\">de Plat\u00f3n. Iba a ubicarse en la \u00fanica gran llanura de la isla, que est\u00e1 rodeada de colinas y se encuentra a pocos kil\u00f3metros de la costa. Ten\u00eda agua abundante pues estaba ocupada en parte por la amplia laguna que le dio su nombre. Hab\u00eda existido ya en aquel lugar un campamento militar construido por los \u00a0primeros conquistadores castellanos durante las batallas que hab\u00edan librado con los abor\u00edgenes \u201cguanches\u201d por el control de la isla. El campamento original, la llamada \u201cVilla Arriba\u201d, fue descartado por Fern\u00e1ndez de Lugo como sede de la ciudad, pues quer\u00eda fundar una nueva acorde con las ideas renacentistas y con la categor\u00eda suficiente para ser sede del gobierno que hab\u00eda de controlar toda la vida colonial. El resultado fu\u00e9 un \u201censanche\u201d del primitivo asentamiento, una ciudad planeada para 6000 habitantes, abierta al espacio circundante, de planta cuadriculada con calles paralelas en damero, si bien modificadas en su direcci\u00f3n o ligeramente quebradas con el fin de \u201cromper\u201d los vientos, seg\u00fan las indicaciones de Vitrubio. Fue trazada una plaza mayor, donde el Adelantado estableci\u00f3 su residencia y se fundaron varios conventos y ermitas en puntos \u00a0que marcan la circunferencia exterior de la ciudad. La fundaci\u00f3n definitiva de San Crist\u00f3bal de La Laguna tuvo lugar en el a\u00f1o 1497, y seguidamente fueron repartidos entre los colonizadores los solares de la ciudad y las fincas cercanas.<\/span><\/p>\n<figure id=\"attachment_407\" aria-describedby=\"caption-attachment-407\" style=\"width: 700px\" class=\"wp-caption alignnone\"><img decoding=\"async\" loading=\"lazy\" class=\"size-full wp-image-407\" src=\"http:\/\/perezschroder.com\/evolterrablog\/wp-content\/uploads\/sites\/16\/2017\/01\/Urville-Laguna.jpg\" alt=\"\" width=\"700\" height=\"530\" srcset=\"https:\/\/evolterra.com\/wp-content\/uploads\/sites\/16\/2017\/01\/Urville-Laguna.jpg 700w, https:\/\/evolterra.com\/wp-content\/uploads\/sites\/16\/2017\/01\/Urville-Laguna-300x227.jpg 300w\" sizes=\"(max-width: 709px) 85vw, (max-width: 909px) 67vw, (max-width: 984px) 61vw, (max-width: 1362px) 45vw, 600px\" \/><figcaption id=\"caption-attachment-407\" class=\"wp-caption-text\">Dumond D&#8217;Urville: La Laguna en 1880<\/figcaption><\/figure>\n<p><span style=\"font-weight: 400\">Cuando se fund\u00f3 La Laguna hac\u00eda ya a\u00f1os que Crist\u00f3bal Col\u00f3n hab\u00eda descubierto lo que \u00e9l cre\u00eda ser unas islas del Jap\u00f3n, el Cipango de Marco Polo. Era una Am\u00e9rica de vida precaria e incierta, \u201cmacondina\u201d como la calific\u00f3 Germ\u00e1n de Arciniegas, donde los asentamientos de los abor\u00edgenes que habitaban las islas primeramente descubiertas estaban dispersos y escasamente poblados. Pronto se fueron fundando ciudades como La Habana o Santo Domingo pero fue el descubrimiento de la Tierra Firme y de las antiguas civilizaciones precolombinas lo que dispar\u00f3 el desarrollo de un aut\u00e9ntico proyecto de conquista y poblamiento. Hern\u00e1n Cort\u00e9s lleg\u00f3 a la costa mejicana en 1519 e inmediatamente fund\u00f3 Veracruz, una ciudad de nueva planta que traz\u00f3 seg\u00fan las ideas renacentistas: plaza mayor en el centro y desde ella calles paralelas que dividen manzanas cuadradas o rectangulares. Pronto, sobre las ruinas de Tenochtitl\u00e1n surgi\u00f3 la ciudad de M\u00e9xico, tambi\u00e9n de trazado regular. La enorme plaza mayor de esta ciudad simboliza la esencial caracter\u00edstica que diferenciaba a estas ciudades nuevas de las que se hab\u00edan fundado o ensanchado en Europa. Y es que se hallaban en medio de enormes extensiones hacia las que era posible ampliar casi indefinidamente las nuevas urbes. El espacio, ha escrito J.H Elliott, ten\u00eda \u201cefectos disolventes\u201d, por lo que la traslaci\u00f3n del orden europeo al nuevo continente ten\u00eda que adaptar las normas de la metr\u00f3polis a las caracter\u00edsticas de los nuevos territorios. Se trataba de someter a los ind\u00edgenas, pero tambi\u00e9n hab\u00eda que gobernar a una turba de conquistadores dif\u00edciles de contener una vez que se descubrieron las grandes riquezas mineras del mundo nuevo. Las ciudades se convirtieron en el instrumento del que dispon\u00eda la monarqu\u00eda para intentar el control ordenado de la conquista. Y as\u00ed fueron surgiendo las nuevas urbes, todas ellas de trazado regular: entre otras, Panam\u00e1 en 1519, M\u00e9xico en 1521, Lima en 1535, Santiago de Le\u00f3n de Caracas en 1567. Desde el principio intent\u00f3 la Corona poner algo de orden en el proceso, con \u00e9xito desigual. Una norma de 1513 estableci\u00f3 unas primeras reglas, sin imponer sin embargo un trazado oficial \u00fanico. Hubo que esperar hasta 1573 para que Felipe II promulgara las <\/span><i><span style=\"font-weight: 400\">Ordenanzas de descubrimiento y poblaci\u00f3n <\/span><\/i><span style=\"font-weight: 400\">que, \u00e9stas s\u00ed, dictaban normas detalladas y precisas sobre el dise\u00f1o de las ciudades. S\u00f3lo que se encontraron con que las principales estaban ya fundadas desde muchos a\u00f1os antes, de modo que la aplicaci\u00f3n precedi\u00f3 a la norma. Las ordenanzas prescrib\u00edan ya con exactitud todo lo necesario para el trazado de calles y plazas, reparto de terrenos, iglesias y palacios de las autoridades.<\/span><\/p>\n<figure id=\"attachment_402\" aria-describedby=\"caption-attachment-402\" style=\"width: 840px\" class=\"wp-caption alignnone\"><img decoding=\"async\" loading=\"lazy\" class=\"size-large wp-image-402\" src=\"http:\/\/perezschroder.com\/evolterrablog\/wp-content\/uploads\/sites\/16\/2017\/01\/Mapa_de_La_Habana_Vieja-1024x768.jpg\" alt=\"\" width=\"840\" height=\"630\" srcset=\"https:\/\/evolterra.com\/wp-content\/uploads\/sites\/16\/2017\/01\/Mapa_de_La_Habana_Vieja-1024x768.jpg 1024w, https:\/\/evolterra.com\/wp-content\/uploads\/sites\/16\/2017\/01\/Mapa_de_La_Habana_Vieja-300x225.jpg 300w, https:\/\/evolterra.com\/wp-content\/uploads\/sites\/16\/2017\/01\/Mapa_de_La_Habana_Vieja-768x576.jpg 768w, https:\/\/evolterra.com\/wp-content\/uploads\/sites\/16\/2017\/01\/Mapa_de_La_Habana_Vieja-1200x900.jpg 1200w, https:\/\/evolterra.com\/wp-content\/uploads\/sites\/16\/2017\/01\/Mapa_de_La_Habana_Vieja.jpg 2048w\" sizes=\"(max-width: 709px) 85vw, (max-width: 909px) 67vw, (max-width: 1362px) 62vw, 840px\" \/><figcaption id=\"caption-attachment-402\" class=\"wp-caption-text\">La Habana vieja en el siglo XIX<\/figcaption><\/figure>\n<p><span style=\"font-weight: 400\">La Habana y Cartagena de Indias fueron las principales excepciones a la regla del orden urban\u00edstico que rein\u00f3 en el Nuevo Mundo. Los dos puertos de mar m\u00e1s importantes del Caribe ten\u00edan que adaptarse al contorno del lugar de la costa, en ambos casos irregular, que hab\u00eda sido seleccionado por ser el m\u00e1s apropiado para abrigar a los nav\u00edos en seguridad. Resultaba imposible adaptar el trazado de las ciudades a la cuadr\u00edcula renacentista, aunque se intentaba aplicar \u00e9sta a los sectores m\u00e1s espaciosos donde ello fuera posible. Pero adem\u00e1s, la idea cl\u00e1sica de que las ciudades habr\u00edan de estar abiertas al mundo circundante no pod\u00eda adaptarse a dos puertos tan cargados de riqueza, que sufr\u00edan continuos ataques de los piratas y de las potencias europeas que desafiaban el monopolio espa\u00f1ol sobre el comercio entre Europa y Am\u00e9rica. Cartagena de Indias se convirti\u00f3 en la puerta del continente y recib\u00eda el tr\u00e1fico de las explotaciones que ven\u00edan de Lima. Fundada en 1533 se convirti\u00f3 pronto, adem\u00e1s, en el m\u00e1s importante centro de la trata de esclavos importados del \u00c1frica negra. Fu\u00e9 asaltada y saqueada por el ingl\u00e9s Drake en 1586, y ello oblig\u00f3 a Felipe II a ordenar la construcci\u00f3n de 11 kil\u00f3metros de murallas, torres \u00a0y fuertes para protegerla, con una catedral que m\u00e1s parec\u00eda castillo que templo. Result\u00f3 inexpugnable de all\u00ed en adelante, resisti\u00f3 incluso en el siglo XVIII un memorable ataque comandado por el almirante ingl\u00e9s Vernon con una flota de una magnitud nunca vista antes. Por su parte, la Habana fue fundada en el 1519 en su asentamiento definitivo y sufri\u00f3 tambi\u00e9n constantes ataques, pues en 1561 se hab\u00eda decidido que fuera el punto de reuni\u00f3n de la Flota de Indias, un convoy de nav\u00edos que hac\u00edan juntos y bajo protecci\u00f3n militar el camino desde y hacia Espa\u00f1a, donde el puerto de Sevilla gozaba del mismo monopolio. En 1586 fue declarada por Felipe II capital de la isla, condici\u00f3n que ten\u00eda hasta entonces Santiago de Cuba. Fue tambi\u00e9n fuertemente amurallada, en consecuencia, para repeler los ataques a la flota. Lo que no pudo evitar que en 1762 fuera asediada y conquistada por la armada brit\u00e1nica, que conserv\u00f3 el dominio de la ciudad durante un largo a\u00f1o de ocupaci\u00f3n.<\/span><\/p>\n<hr \/>\n<p><span style=\"font-weight: 400\">(LA ORDEN MIRACLE, Ernesto: Viajes de arte por Am\u00e9rica central; I.C.I., Madrid 1985.&#8211;CEHOPU:<\/span><i><span style=\"font-weight: 400\"> El sue\u00f1o de un orden. La ciudad hispanoamericana<\/span><\/i><span style=\"font-weight: 400\">, Madrid, 1989.&#8211;NAVARRO, Mar\u00eda Isabel:<\/span><i><span style=\"font-weight: 400\"> San Crist\u00f3bal de La Laguna. Una ins\u00f3lita experiencia hist\u00f3rica de la utop\u00eda insular en Plat\u00f3n<\/span><\/i><span style=\"font-weight: 400\">. Ed. Artec Impresiones, Segovia, 2000.&#8211;ELLIOTT, J.H.:<\/span><i><span style=\"font-weight: 400\"> Empires of the Atlantic World. Britain and Spain in America<\/span><\/i><span style=\"font-weight: 400\">. Yale Univ. Press, New Haven 2006.&#8211;MARTINES, Lauro:<\/span><i><span style=\"font-weight: 400\"> Power and Imagination. City-States in Renaissance Italy.<\/span><\/i><span style=\"font-weight: 400\"> Vintage Books, Nueva York, 1979.&#8211;ARCINIEGAS, Germ\u00e1n:<\/span><i><span style=\"font-weight: 400\"> Cartagena<\/span><\/i><span style=\"font-weight: 400\">. En Cartagena de Indias. I.C.I. Madrid, 1990) \u00a0\u00a0<\/span><\/p>\n","protected":false},"excerpt":{"rendered":"<p>Antigua Guatemala, 1543 &nbsp; Si me pierdo, buscadme en Guatemala\/junto al Volc\u00e1n de Fuego y el de Agua\u00a0 (Ernesto la Orden, Viajes de arte por Am\u00e9rica Central) \u00a0 Aldous Huxley public\u00f3 en 1934 un libro de viajes en el que cuenta su visita, entre otras ciudades de Centroam\u00e9rica, a la Antigua Guatemala. De ella dice &hellip; <a href=\"https:\/\/evolterra.com\/?p=397\" class=\"more-link\">Continuar leyendo<span class=\"screen-reader-text\"> \u00abEL SUE\u00d1O DE UNA CIUDAD IDEAL\u00bb<\/span><\/a><\/p>\n","protected":false},"author":11,"featured_media":0,"comment_status":"closed","ping_status":"open","sticky":false,"template":"","format":"standard","meta":{"spay_email":""},"categories":[434],"tags":[72,75,70,74,67,68,69,66,73,71],"jetpack_featured_media_url":"","_links":{"self":[{"href":"https:\/\/evolterra.com\/index.php?rest_route=\/wp\/v2\/posts\/397"}],"collection":[{"href":"https:\/\/evolterra.com\/index.php?rest_route=\/wp\/v2\/posts"}],"about":[{"href":"https:\/\/evolterra.com\/index.php?rest_route=\/wp\/v2\/types\/post"}],"author":[{"embeddable":true,"href":"https:\/\/evolterra.com\/index.php?rest_route=\/wp\/v2\/users\/11"}],"replies":[{"embeddable":true,"href":"https:\/\/evolterra.com\/index.php?rest_route=%2Fwp%2Fv2%2Fcomments&post=397"}],"version-history":[{"count":9,"href":"https:\/\/evolterra.com\/index.php?rest_route=\/wp\/v2\/posts\/397\/revisions"}],"predecessor-version":[{"id":433,"href":"https:\/\/evolterra.com\/index.php?rest_route=\/wp\/v2\/posts\/397\/revisions\/433"}],"wp:attachment":[{"href":"https:\/\/evolterra.com\/index.php?rest_route=%2Fwp%2Fv2%2Fmedia&parent=397"}],"wp:term":[{"taxonomy":"category","embeddable":true,"href":"https:\/\/evolterra.com\/index.php?rest_route=%2Fwp%2Fv2%2Fcategories&post=397"},{"taxonomy":"post_tag","embeddable":true,"href":"https:\/\/evolterra.com\/index.php?rest_route=%2Fwp%2Fv2%2Ftags&post=397"}],"curies":[{"name":"wp","href":"https:\/\/api.w.org\/{rel}","templated":true}]}}